{"id":1528,"date":"2025-07-29T17:09:03","date_gmt":"2025-07-29T17:09:03","guid":{"rendered":"https:\/\/iamarif.com\/demo\/energie\/?p=1528"},"modified":"2025-07-29T17:15:37","modified_gmt":"2025-07-29T17:15:37","slug":"warum-jetzt-der-perfekte-zeitpunkt-fur-eine-dachsanierungist","status":"publish","type":"post","link":"https:\/\/iamarif.com\/demo\/energie\/warum-jetzt-der-perfekte-zeitpunkt-fur-eine-dachsanierungist\/","title":{"rendered":"Warum jetzt der perfekte Zeitpunkt f\u00fcr eine Dachsanierungist"},"content":{"rendered":"\n<h3 class=\"wp-block-heading\">Einleitung:<\/h3>\n\n\n\n<p>Ein intaktes und gut ged\u00e4mmtes Dach ist entscheidend f\u00fcr den Energieverbrauch IhresHauses.<\/p>\n\n\n\n<h3 class=\"wp-block-heading\">Hauptteil:<\/h3>\n\n\n\n<p>Bei einer Dachsanierung lassen sich gleich mehrere Ma\u00dfnahmen kombinieren: W\u00e4rmed\u00e4mmung, neue Eindeckung und die Vorbereitung f\u00fcr eine Photovoltaikanlage. Wer jetzt saniert, kann nicht nur F\u00f6rdergelder in Anspruch nehmen, sondern spart langfristig Energiekosten. Au\u00dferdem steigert eine Dachsanierung den Immobilienwert und erh\u00f6ht den Wohnkomfort.<\/p>\n\n\n\n<p><\/p>\n","protected":false},"excerpt":{"rendered":"<p>Ein angenehmes Raumklima ist entscheidend f\u00fcr unser Wohlbefinden \u2013 sowohl zu Hause als auch am Arbeitsplatz.<\/p>\n","protected":false},"author":1,"featured_media":1253,"comment_status":"open","ping_status":"open","sticky":false,"template":"","format":"standard","meta":{"_acf_changed":false,"inline_featured_image":false,"footnotes":""},"categories":[1],"tags":[11,12],"class_list":["post-1528","post","type-post","status-publish","format-standard","has-post-thumbnail","hentry","category-uncategorized","tag-dachsanierungist","tag-warmedammung"],"acf":[],"_links":{"self":[{"href":"https:\/\/iamarif.com\/demo\/energie\/wp-json\/wp\/v2\/posts\/1528","targetHints":{"allow":["GET"]}}],"collection":[{"href":"https:\/\/iamarif.com\/demo\/energie\/wp-json\/wp\/v2\/posts"}],"about":[{"href":"https:\/\/iamarif.com\/demo\/energie\/wp-json\/wp\/v2\/types\/post"}],"author":[{"embeddable":true,"href":"https:\/\/iamarif.com\/demo\/energie\/wp-json\/wp\/v2\/users\/1"}],"replies":[{"embeddable":true,"href":"https:\/\/iamarif.com\/demo\/energie\/wp-json\/wp\/v2\/comments?post=1528"}],"version-history":[{"count":1,"href":"https:\/\/iamarif.com\/demo\/energie\/wp-json\/wp\/v2\/posts\/1528\/revisions"}],"predecessor-version":[{"id":1529,"href":"https:\/\/iamarif.com\/demo\/energie\/wp-json\/wp\/v2\/posts\/1528\/revisions\/1529"}],"wp:featuredmedia":[{"embeddable":true,"href":"https:\/\/iamarif.com\/demo\/energie\/wp-json\/wp\/v2\/media\/1253"}],"wp:attachment":[{"href":"https:\/\/iamarif.com\/demo\/energie\/wp-json\/wp\/v2\/media?parent=1528"}],"wp:term":[{"taxonomy":"category","embeddable":true,"href":"https:\/\/iamarif.com\/demo\/energie\/wp-json\/wp\/v2\/categories?post=1528"},{"taxonomy":"post_tag","embeddable":true,"href":"https:\/\/iamarif.com\/demo\/energie\/wp-json\/wp\/v2\/tags?post=1528"}],"curies":[{"name":"wp","href":"https:\/\/api.w.org\/{rel}","templated":true}]}}