{"id":1526,"date":"2025-07-29T17:06:42","date_gmt":"2025-07-29T17:06:42","guid":{"rendered":"https:\/\/iamarif.com\/demo\/energie\/?p=1526"},"modified":"2025-07-29T17:16:55","modified_gmt":"2025-07-29T17:16:55","slug":"forderungen-2025-so-sparen-sie-bei-ihrer-modernisierung","status":"publish","type":"post","link":"https:\/\/iamarif.com\/demo\/energie\/forderungen-2025-so-sparen-sie-bei-ihrer-modernisierung\/","title":{"rendered":"F\u00f6rderungen 2025 \u2013 So sparen Sie bei Ihrer Modernisierung"},"content":{"rendered":"\n<h3 class=\"wp-block-heading\">Einleitung:<\/h3>\n\n\n\n<p>Viele F\u00f6rderprogramme machen den Umstieg auf erneuerbare Energien attraktiver als je zuvor. Doch welche Zusch\u00fcsse k\u00f6nnen Sie 2025 tats\u00e4chlich nutzen?<\/p>\n\n\n\n<h3 class=\"wp-block-heading\">Hauptteil:<\/h3>\n\n\n\n<p>Die Bundesf\u00f6rderung f\u00fcr effiziente Geb\u00e4ude (BEG) bietet Zusch\u00fcsse von bis zu 70 % f\u00fcr W\u00e4rmepumpen und bis zu 20 % f\u00fcr Photovoltaikanlagen. Wer zus\u00e4tzlich einen individuellen Sanierungsfahrplan erstellt, erh\u00e4lt weitere Boni. Eine fr\u00fchzeitige Energieberatung ist wichtig, um die passenden Programme auszuw\u00e4hlen und Antr\u00e4ge rechtzeitig zu stellen.<\/p>\n\n\n\n<h3 class=\"wp-block-heading\">Fazit:<\/h3>\n\n\n\n<p>Nutzen Sie die F\u00f6rderm\u00f6glichkeiten, um Ihr Projekt wirtschaftlich zu gestalten und gleichzeitig die Umwelt zu schonen \u2013 wir unterst\u00fctzen Sie bei der Planung und Beantragung.<\/p>\n","protected":false},"excerpt":{"rendered":"<p>Ein angenehmes Raumklima ist entscheidend f\u00fcr unser Wohlbefinden \u2013 sowohl zu Hause als auch am Arbeitsplatz.<\/p>\n","protected":false},"author":1,"featured_media":1265,"comment_status":"open","ping_status":"open","sticky":false,"template":"","format":"standard","meta":{"_acf_changed":false,"inline_featured_image":false,"footnotes":""},"categories":[1],"tags":[14,13],"class_list":["post-1526","post","type-post","status-publish","format-standard","has-post-thumbnail","hentry","category-uncategorized","tag-energien","tag-forderungen"],"acf":[],"_links":{"self":[{"href":"https:\/\/iamarif.com\/demo\/energie\/wp-json\/wp\/v2\/posts\/1526","targetHints":{"allow":["GET"]}}],"collection":[{"href":"https:\/\/iamarif.com\/demo\/energie\/wp-json\/wp\/v2\/posts"}],"about":[{"href":"https:\/\/iamarif.com\/demo\/energie\/wp-json\/wp\/v2\/types\/post"}],"author":[{"embeddable":true,"href":"https:\/\/iamarif.com\/demo\/energie\/wp-json\/wp\/v2\/users\/1"}],"replies":[{"embeddable":true,"href":"https:\/\/iamarif.com\/demo\/energie\/wp-json\/wp\/v2\/comments?post=1526"}],"version-history":[{"count":1,"href":"https:\/\/iamarif.com\/demo\/energie\/wp-json\/wp\/v2\/posts\/1526\/revisions"}],"predecessor-version":[{"id":1527,"href":"https:\/\/iamarif.com\/demo\/energie\/wp-json\/wp\/v2\/posts\/1526\/revisions\/1527"}],"wp:featuredmedia":[{"embeddable":true,"href":"https:\/\/iamarif.com\/demo\/energie\/wp-json\/wp\/v2\/media\/1265"}],"wp:attachment":[{"href":"https:\/\/iamarif.com\/demo\/energie\/wp-json\/wp\/v2\/media?parent=1526"}],"wp:term":[{"taxonomy":"category","embeddable":true,"href":"https:\/\/iamarif.com\/demo\/energie\/wp-json\/wp\/v2\/categories?post=1526"},{"taxonomy":"post_tag","embeddable":true,"href":"https:\/\/iamarif.com\/demo\/energie\/wp-json\/wp\/v2\/tags?post=1526"}],"curies":[{"name":"wp","href":"https:\/\/api.w.org\/{rel}","templated":true}]}}